{"id":1106,"date":"2025-05-02T15:54:57","date_gmt":"2025-05-02T15:54:57","guid":{"rendered":"https:\/\/jefosp.bf\/?p=1106"},"modified":"2025-05-02T15:55:44","modified_gmt":"2025-05-02T15:55:44","slug":"1106-2","status":"publish","type":"post","link":"https:\/\/jefosp.bf\/?p=1106","title":{"rendered":"La 14\u00e8me \u00e9dition du Salon international de l\u2019\u00e9tudiant (SIE) se tient du 1er au 3 mai 2025 \u00e0 Ouagadougou."},"content":{"rendered":"<p style=\"text-align: justify;\">Le Salon international de l\u2019\u00e9tudiant (SIE) s\u2019affirme comme un rendez-vous incontournable pour les acteurs de l\u2019\u00e9ducation, de l\u2019orientation et de l\u2019insertion professionnelle. Selon Hulda Ou\u00e9draogo, membre du comit\u00e9 d\u2019organisation, le SIE offre une opportunit\u00e9 unique aux \u00e9l\u00e8ves, aux \u00e9tudiants, aux parents, aux professionnels et aux institutions de mieux appr\u00e9hender les enjeux de l\u2019orientation acad\u00e9mique et professionnelle, de d\u00e9couvrir un large \u00e9ventail de formations et de valoriser les talents de la jeunesse.<\/p>\n<p style=\"text-align: justify;\"><img loading=\"lazy\" decoding=\"async\" class=\"wp-image-402494 alignleft\" src=\"https:\/\/burkina24.com\/wp-content\/uploads\/2025\/05\/Hulda-Ouedraogo-membre-du-comite-dorganisation-du-SIE-1024x768.jpg\" sizes=\"auto, (max-width: 1024px) 100vw, 1024px\" srcset=\"https:\/\/burkina24.com\/wp-content\/uploads\/2025\/05\/Hulda-Ouedraogo-membre-du-comite-dorganisation-du-SIE-1024x768.jpg 1024w, https:\/\/burkina24.com\/wp-content\/uploads\/2025\/05\/Hulda-Ouedraogo-membre-du-comite-dorganisation-du-SIE-300x225.jpg 300w, https:\/\/burkina24.com\/wp-content\/uploads\/2025\/05\/Hulda-Ouedraogo-membre-du-comite-dorganisation-du-SIE-768x576.jpg 768w, https:\/\/burkina24.com\/wp-content\/uploads\/2025\/05\/Hulda-Ouedraogo-membre-du-comite-dorganisation-du-SIE-1536x1152.jpg 1536w, https:\/\/burkina24.com\/wp-content\/uploads\/2025\/05\/Hulda-Ouedraogo-membre-du-comite-dorganisation-du-SIE-2048x1536.jpg 2048w, https:\/\/burkina24.com\/wp-content\/uploads\/2025\/05\/Hulda-Ouedraogo-membre-du-comite-dorganisation-du-SIE-scaled.jpg 613w\" alt=\"Hulda Ou\u00e9draogo, membre du comit\u00e9 d'organisation du SIE\" width=\"212\" height=\"159\" \/>\u00ab\u00a0<em>Durant ces trois jours, nous proposerons des expositions, des panels, des ateliers de formation. Nous organisons \u00e9galement un BAC blanc, actuellement en cours, afin de permettre aux \u00e9l\u00e8ves de se familiariser avec le nouveau syst\u00e8me d\u2019\u00e9valuation du BAC. De plus, des ateliers interactifs avec les \u00e9l\u00e8ves et \u00e9tudiants, ainsi que des exp\u00e9rimentations immersives avec la 3D, l\u2019IA et les r\u00e9alit\u00e9s virtuelles, leur permettront de d\u00e9couvrir les technologies auxquelles ils pourraient s\u2019int\u00e9resser<\/em>\u00a0\u00bb, a pr\u00e9cis\u00e9 Hulda Ou\u00e9draogo.<\/p>\n<p>Pour rappel, le Salon international de l\u2019\u00e9tudiant existe depuis 2009 et c\u00e9l\u00e8bre sa 14\u00e8me \u00e9dition, qui se tient du 1er au 3 mai au pavillon Kilimandjaro, au sein du SIAO. Les organisateurs ont lanc\u00e9 un appel \u00e0 la population afin qu\u2019elle s\u2019approprie pleinement cet \u00e9v\u00e9nement et contribue \u00e0 son succ\u00e8s.<\/p>\n<p><strong>Aminata Catherine SANOU<\/strong><\/p>\n<p><strong>Burkina 24<\/strong><\/p>\n<p>&nbsp;<\/p>\n","protected":false},"excerpt":{"rendered":"<p>Le Salon international de l\u2019\u00e9tudiant (SIE) s\u2019affirme comme un rendez-vous incontournable pour les acteurs de l\u2019\u00e9ducation, de l\u2019orientation et de l\u2019insertion professionnelle. Selon Hulda Ou\u00e9draogo, membre du comit\u00e9 d\u2019organisation, le SIE offre une opportunit\u00e9 unique aux \u00e9l\u00e8ves, aux \u00e9tudiants, aux parents, aux professionnels et aux institutions de mieux appr\u00e9hender les enjeux de l\u2019orientation acad\u00e9mique et [&hellip;]<\/p>\n","protected":false},"author":1,"featured_media":1107,"comment_status":"open","ping_status":"open","sticky":false,"template":"","format":"standard","meta":{"footnotes":""},"categories":[10,9],"tags":[],"class_list":["post-1106","post","type-post","status-publish","format-standard","has-post-thumbnail","hentry","category-accueil","category-actu"],"gutentor_comment":3,"_links":{"self":[{"href":"https:\/\/jefosp.bf\/index.php?rest_route=\/wp\/v2\/posts\/1106","targetHints":{"allow":["GET"]}}],"collection":[{"href":"https:\/\/jefosp.bf\/index.php?rest_route=\/wp\/v2\/posts"}],"about":[{"href":"https:\/\/jefosp.bf\/index.php?rest_route=\/wp\/v2\/types\/post"}],"author":[{"embeddable":true,"href":"https:\/\/jefosp.bf\/index.php?rest_route=\/wp\/v2\/users\/1"}],"replies":[{"embeddable":true,"href":"https:\/\/jefosp.bf\/index.php?rest_route=%2Fwp%2Fv2%2Fcomments&post=1106"}],"version-history":[{"count":2,"href":"https:\/\/jefosp.bf\/index.php?rest_route=\/wp\/v2\/posts\/1106\/revisions"}],"predecessor-version":[{"id":1109,"href":"https:\/\/jefosp.bf\/index.php?rest_route=\/wp\/v2\/posts\/1106\/revisions\/1109"}],"wp:featuredmedia":[{"embeddable":true,"href":"https:\/\/jefosp.bf\/index.php?rest_route=\/wp\/v2\/media\/1107"}],"wp:attachment":[{"href":"https:\/\/jefosp.bf\/index.php?rest_route=%2Fwp%2Fv2%2Fmedia&parent=1106"}],"wp:term":[{"taxonomy":"category","embeddable":true,"href":"https:\/\/jefosp.bf\/index.php?rest_route=%2Fwp%2Fv2%2Fcategories&post=1106"},{"taxonomy":"post_tag","embeddable":true,"href":"https:\/\/jefosp.bf\/index.php?rest_route=%2Fwp%2Fv2%2Ftags&post=1106"}],"curies":[{"name":"wp","href":"https:\/\/api.w.org\/{rel}","templated":true}]}}