{"id":614,"date":"2021-03-17T19:37:51","date_gmt":"2021-03-17T19:37:51","guid":{"rendered":"http:\/\/jefosp.net\/?p=52"},"modified":"2021-03-17T19:37:51","modified_gmt":"2021-03-17T19:37:51","slug":"5e-edition-des-jefosp-la-qualite-de-la-formation-des-enseignants-au-coeur","status":"publish","type":"post","link":"https:\/\/jefosp.bf\/?p=614","title":{"rendered":"5\u00e8me \u00e9dition de JEFOSP"},"content":{"rendered":"\n<p style=\"text-align: justify;\">L\u2019Ecole normale sup\u00e9rieure de l\u2019Universit\u00e9 de Koudougou (ENS\/UK) a accueilli du 18 au 20 juillet 2017, la 5e \u00e9dition des Journ\u00e9es d\u2019\u00e9changes sur l\u2019\u00e9ducation, la formation, l\u2019orientation\/insertion scolaire et professionnelle (JEFOSP). Une activit\u00e9 qui a connu la participation d\u2019\u00e9minentes personnalit\u00e9s venues d\u2019universit\u00e9s s\u0153urs d\u2019Allemagne et du Mozambique.<\/p>\n\n\n<p style=\"text-align: justify;\">C\u2019est sous le th\u00e8me\u00a0: \u00ab<strong>\u00a0Enseignement technique et formation professionnelle (ETFP) et d\u00e9veloppement \u00e9conomique et social\u00a0<\/strong>\u00bb, que s\u2019est d\u00e9roul\u00e9e \u00e0 l\u2019ENS\/UK, la 5e \u00e9dition des JEFOSP. Durant ces 72h, le th\u00e8me principal \u00e9clat\u00e9 en sous-th\u00e8mes \u00e0 savoir \u00ab\u00a0la qualit\u00e9 de la formation (ETFP)\u00a0\u00bb, \u00ab\u00a0la cr\u00e9ation d\u2019emploi et l\u2019auto-emploi\u00a0\u00bb et \u00ab\u00a0quelle contribution de l\u2019enseignant \u00e0 la cr\u00e9ation de l\u2019emploi\u00a0?\u00a0\u00bb, ont \u00e9t\u00e9 d\u00e9crypt\u00e9s par des hommes et femmes d\u2019exp\u00e9riences du pays des Hommes int\u00e8gres. Sans oublier ceux qui ont bien voulu effectuer le d\u00e9placement de Koudougou pour un partage d\u2019exp\u00e9riences comme le Pr Martin Hartman (Universit\u00e9 technique de Dresde), le Pr Brigida Singo (Universit\u00e9 de Maputo) et le Pr Ulrike Johonnsen (Universit\u00e9 de Frensburg).<!--more--><\/p>\n\n\n<p style=\"text-align: justify;\">Cette 5e \u00e8dition a \u00e9t\u00e9 ouverte par Professeur Fr\u00e9deric Ouattara, Vice-Pr\u00e9sident charg\u00e9 des enseignements r\u00e9pr\u00e9sentant le Pr\u00e9sident de l\u2019Universit\u00e9 de Koudougou<\/p>\n\n\n<p style=\"text-align: justify;\"><img loading=\"lazy\" decoding=\"async\" class=\"alignleft\" src=\"https:\/\/lefaso.net\/IMG\/jpg\/photo_ouverture_sdc10192.jpg\" alt=\"\" width=\"480\" height=\"270\" \/>Pour les porteurs de ces journ\u00e9es, Souleymane Coulibaly (enseignant \u00e0 ENS \/ UK) et Dr Wendkouni Eric Sawadogo (enseignant \u00e0 l\u2019Universit\u00e9 technique de Dresde) et responsable de l\u2019association ABASA e. V. (Association des Burkinab\u00e8 et ami(es) en Saxe et en Allemagne), une fois de plus ce fut l\u2019occasion de donner la bonne et la juste information aux form\u00e9s et aux parents d\u2019\u00e9l\u00e8ves sur les opportunit\u00e9s que peuvent offrir les fili\u00e8res technique et professionnelle. \u00ab\u00a0Je suis tr\u00e8s satisfait parce que la participation a \u00e9t\u00e9 assidue. On a eu des \u00e9l\u00e8ves-professeurs, des enseignants et l\u2019organisation a \u00e9t\u00e9 faite par l\u2019ENS cette ann\u00e9e\u00a0\u00bb, a laiss\u00e9 entendre Dr Sawadogo. Son souhait est de r\u00e9troc\u00e9der toute l\u2019organisation des JEFOSP dans les ann\u00e9es \u00e0 venir aux structures de formation, d\u2019\u00e9ducation et d\u2019emploi comme l\u2019Ecole normale sup\u00e9rieure, les minist\u00e8res et les organisations professionnelles. Une id\u00e9e qui n\u2019est pas pour d\u00e9plaire au Directeur de l\u2019ENS\/UK Joseph Lompo. Surtout que son \u00e9cole est la r\u00e9f\u00e9rence nationale en mati\u00e8re de formation des enseignants pour l\u2019enseignement technique et professionnelle.<\/p>\n\n\n<p style=\"text-align: justify;\"><strong>Un master pour la fili\u00e8re technique<\/strong><\/p>\n\n\n<p style=\"text-align: justify;\">\u00a0<\/p>\n\n\n<p style=\"text-align: justify;\">Gr\u00e2ce \u00e0 la coop\u00e9ration, la 5e \u00e9dition JEFOSP a marqu\u00e9 un tournant d\u00e9cisif pour son ancrage en accouchant d\u2019un master. Quoi de plus normal pour le Pr Jean-Claude Bationo, Vice-pr\u00e9sident charg\u00e9 de la recherche et de la coop\u00e9ration internationale de l\u2019Universit\u00e9 de Koudougou, de se r\u00e9jouir, lui qui au nom du pr\u00e9sident de l\u2019UK a lanc\u00e9 officiellement le projet de master dont les cours devraient d\u00e9buter en octobre 2017. Ce Master en technique et formation professionnelle \u00e0 l\u2019ENS\/ UK est ouvert en coop\u00e9ration avec l\u2019Universit\u00e9 Technique de Dresde (Allemagne) et l\u2019Office allemand d\u2019\u00e9changes universitaires. Il se veut une aubaine pour les enseignants des fili\u00e8res techniques et professionnelles, dot\u00e9 d\u2019une licence et du Certificat d\u2019aptitude en enseignement technique (CAET)\/Certificat d\u2019aptitude de professeur en enseignement technique (CAPET) d\u2019acqu\u00e9rir plus de connaissances.<\/p>\n\n\n<p style=\"text-align: justify;\"><img loading=\"lazy\" decoding=\"async\" class=\"alignleft\" src=\"https:\/\/lefaso.net\/IMG\/jpg\/20170720_132357-8554b.jpg\" alt=\"\" width=\"480\" height=\"270\" \/><\/p>\n\n\n<p style=\"text-align: justify;\">Pays technologiquement en avance, l\u2019Allemagne \u00e0 travers l\u2019Universit\u00e9 technique de Dresde, o\u00f9 officie le Pr Hartmann (responsable de la formation en technique m\u00e9tallique et didactique professionnelle), souhaite apporter sa pierre \u00e0 l\u2019\u00e9dification d\u2019une formation technique et professionnelle de qualit\u00e9 \u00e0 la pointe de la technologie et pour les besoins du moment. \u00ab\u00a0Le d\u00e9bat est aussi pr\u00e9sent en Allemagne. Comment former les jeunes afin qu\u2019ils puissent s\u2019ins\u00e9rer et r\u00e9pondre aux besoins du march\u00e9. C\u2019est cette r\u00e9flexion qui nous a amen\u00e9 \u00e0 nous int\u00e9resser \u00e0 ce qui se passe ici pour un partage d\u2019exp\u00e9rience\u00a0\u00bb, a-t-il confi\u00e9. Car, ajoute-t-il, \u00ab\u00a0la qualit\u00e9 ne peut se d\u00e9velopper qu\u2019\u00e0 partir de la formation des enseignants\u00a0\u00bb.<\/p>\n\n\n<p style=\"text-align: justify;\"><strong>Projet de formation des professeurs en \u00ab\u00a0Economie Sociale et Familiale en abr\u00e9g\u00e9 ESF ou ECOSOFA\u00a0\u00bb<\/strong><\/p>\n\n\n<p style=\"text-align: justify;\"><img loading=\"lazy\" decoding=\"async\" class=\"alignleft\" src=\"https:\/\/lefaso.net\/IMG\/jpg\/20170720_135913.jpg\" alt=\"\" width=\"480\" height=\"270\" \/>Un autre point des \u00e9changes a concern\u00e9 le projet de r\u00e9introduction de la formation des professeurs en \u00ab\u00a0Economie Sociale et Familiale en abr\u00e9g\u00e9 ESF ou ECOSOFA\u00a0\u00bb.<\/p>\n\n\n<p style=\"text-align: justify;\">En vue de pr\u00e9parer ce projet, une rencontre de travail a eu lieu le lundi 17 juillet au lyc\u00e9e Mixte de Goughin avec les membres de l\u2019association Burkinab\u00e8 professeurs en \u00ab\u00a0Economie Sociale et Familiale en abr\u00e9g\u00e9 ESF ou ECOSOFA\u00a0\u00bb.<\/p>\n\n\n<p style=\"text-align: justify;\">Des Communications de Professeure Ulrike Johannsen et Professeure Birgit Peuker de l\u2019Universit\u00e9 europ\u00e9enne de Flensburg, de Madame Da n\u00e9e Som\u00e9 Inspectrice de l\u2019enseignement technique et pr\u00e9sidente de l\u2019association des professeurs en \u00ab\u00a0Economie Sociale et Familiale en abr\u00e9g\u00e9 ESF ou ECOSOFA\u00a0\u00bb ainsi que des entretiens avec l\u2019ENS et l\u2019UK ont permis d\u2019atteindre des r\u00e9sultats satisfaisants.<br \/>Et selon professeure Johannsen \u00ab\u00a0la balle est dans le camp des partenaires Burkinab\u00e8\u00a0\u00bb<\/p>\n\n\n<p style=\"text-align: justify;\">En rappel\u00a0:<\/p>\n\n\n<p style=\"text-align: justify;\">Lors de la 3\u00b0 \u00e9dition des JEFOSP au Lyc\u00e9e Zinda, la volont\u00e9 et la n\u00e9c\u00e9ssit\u00e9 de reintroduire la formation des professeurs en Economie Sociale et familiale (ECOSOFA) ont \u00e9t\u00e9 maintes fois manifest\u00e9es \u00e0 travers les communications et les contributions dont celles particuli\u00e8rement remarqu\u00e9es de l\u2019association des anciens et anciennes professeurs ECOSOFA.<\/p>\n\n\n<p style=\"text-align: justify;\">Une des communications de l\u2019Universit\u00e9 Technique de Dresde sur l\u2019exp\u00e9rience et les objectifs de la reintroduction de cette formation en Saxe \/Allemagne a fini de convaincre de l\u2019importance de ces cours pour l\u2019orientation professionnelle et la pr\u00e9paration des jeunes du premier cycle du secondaire \u00e0 l\u2019emploi et \u00e0 la vie d\u2019aujourd\u2019hui en soci\u00e9t\u00e9 avec ses nouvelles technologies.<\/p>\n\n\n<p style=\"text-align: justify;\"><img loading=\"lazy\" decoding=\"async\" class=\"alignleft\" src=\"https:\/\/lefaso.net\/IMG\/jpg\/photo_rencontre_association_esf_sdc10142.jpg\" alt=\"\" width=\"480\" height=\"270\" \/>L\u2019engagement des minist\u00e8res et la mobilisation des coll\u00e8gues et des participants(es) lors de cette \u00e9dition pour permettre un meilleur d\u00e9veloppement des comp\u00e9tences des \u00e9l\u00e8ves dans des divers domaines au-del\u00e0 de l\u2019ancienne formule \u00ab\u00a0ECOSOFA\u00a0\u00bb ont marqu\u00e9 les esprits et constitu\u00e9 une motivation pour nos partenaires allemands et pour nous de continuer de chercher des opportunit\u00e9s pour permettre au projet de se r\u00e9aliser.<\/p>\n\n\n<p style=\"text-align: justify;\">En rappel, la 1\u00e8re \u00e9dition des JEFOSP a eu lieu en 2013. Elle se veut un cadre de rassemblement des Jeunes, \u00e9l\u00e8ves, \u00e9tudiant(e)s, parents d\u2019\u00e9l\u00e8ves, enseignant(e)s, encadreurs p\u00e9dagogiques, \u00e9coles et centres de formation, actrices et acteurs de la formation. Afin de trouver des solutions idoines aux difficult\u00e9s qui minent le secteur de l\u2019enseignement technique et de la formation professionnelle.<\/p>\n\n\n<p style=\"text-align: justify;\">Marcus Kouaman<br \/>Lefaso.net<\/p>\n","protected":false},"excerpt":{"rendered":"<p>L\u2019Ecole normale sup\u00e9rieure de l\u2019Universit\u00e9 de Koudougou (ENS\/UK) a accueilli du 18 au 20 juillet 2017, la 5e \u00e9dition des Journ\u00e9es d\u2019\u00e9changes sur l\u2019\u00e9ducation, la formation, l\u2019orientation\/insertion scolaire et professionnelle (JEFOSP). Une activit\u00e9 qui a connu la participation d\u2019\u00e9minentes personnalit\u00e9s venues d\u2019universit\u00e9s s\u0153urs d\u2019Allemagne et du Mozambique. C\u2019est sous le th\u00e8me\u00a0: \u00ab\u00a0Enseignement technique et formation [&hellip;]<\/p>\n","protected":false},"author":1,"featured_media":306,"comment_status":"closed","ping_status":"open","sticky":false,"template":"","format":"standard","meta":{"footnotes":""},"categories":[9],"tags":[],"class_list":["post-614","post","type-post","status-publish","format-standard","has-post-thumbnail","hentry","category-actu"],"gutentor_comment":0,"_links":{"self":[{"href":"https:\/\/jefosp.bf\/index.php?rest_route=\/wp\/v2\/posts\/614","targetHints":{"allow":["GET"]}}],"collection":[{"href":"https:\/\/jefosp.bf\/index.php?rest_route=\/wp\/v2\/posts"}],"about":[{"href":"https:\/\/jefosp.bf\/index.php?rest_route=\/wp\/v2\/types\/post"}],"author":[{"embeddable":true,"href":"https:\/\/jefosp.bf\/index.php?rest_route=\/wp\/v2\/users\/1"}],"replies":[{"embeddable":true,"href":"https:\/\/jefosp.bf\/index.php?rest_route=%2Fwp%2Fv2%2Fcomments&post=614"}],"version-history":[{"count":0,"href":"https:\/\/jefosp.bf\/index.php?rest_route=\/wp\/v2\/posts\/614\/revisions"}],"wp:featuredmedia":[{"embeddable":true,"href":"https:\/\/jefosp.bf\/index.php?rest_route=\/wp\/v2\/media\/306"}],"wp:attachment":[{"href":"https:\/\/jefosp.bf\/index.php?rest_route=%2Fwp%2Fv2%2Fmedia&parent=614"}],"wp:term":[{"taxonomy":"category","embeddable":true,"href":"https:\/\/jefosp.bf\/index.php?rest_route=%2Fwp%2Fv2%2Fcategories&post=614"},{"taxonomy":"post_tag","embeddable":true,"href":"https:\/\/jefosp.bf\/index.php?rest_route=%2Fwp%2Fv2%2Ftags&post=614"}],"curies":[{"name":"wp","href":"https:\/\/api.w.org\/{rel}","templated":true}]}}