{"id":618,"date":"2021-05-01T18:39:55","date_gmt":"2021-05-01T18:39:55","guid":{"rendered":"http:\/\/demo.acmethemes.com\/event-star\/?p=143"},"modified":"2021-05-05T15:05:59","modified_gmt":"2021-05-05T15:05:59","slug":"holy-fun-religion-2","status":"publish","type":"post","link":"https:\/\/jefosp.bf\/?p=618","title":{"rendered":"Coop\u00e9ration inter-universitaire"},"content":{"rendered":"<div class=\"rss_chapo\">Une d\u00e9l\u00e9gation de l\u2019Universit\u00e9 Norbert Zongo et de l\u2019Universit\u00e9 Ouaga 1 Pr Joseph Ki \u2013 Zerbo ont \u00e9chang\u00e9 \u00e0 Dresde avec leurs coll\u00e8gues de la Technische Universit\u00e4t Dresden (TUD) et de l\u2019Europa Universit\u00e4t de Flensburg (EUF) pour renforcer leur coop\u00e9ration \u00e0 travers les JEFOSP et d\u2019autres projets comme l\u2019ouverture de nouveaux programmes de master.<\/div>\n<div class=\"rss_texte\">Un atelier de travail pour la pr\u00e9paration de l\u2019ouverture du Master en Enseignement Technique et Formation Professionnelle (MTFP) \u00e0 l\u2019\u00e9cole normale sup\u00e9rieure de l\u2019Universit\u00e9 Norbert Zongo (ENS\/UNZ) s\u2019est tenu \u00e0 l\u2019Universit\u00e9 Technique de Dresde (TUD) du 04 au 08 septembre 2017 en Allemagne. La d\u00e9l\u00e9gation de l\u2019UNZ compos\u00e9e de cinq personnes dont le directeur adjoint de l\u2019ENS\/UNZ, Dr. I. Ou\u00e9draogo. Elle \u00e9tait conduite par le vice-pr\u00e9sident charg\u00e9 des enseignements et des Innovations p\u00e9dagogiques, Pr. Fr\u00e9d\u00e9ric Ouattara. La d\u00e9l\u00e9gation a eu des \u00e9changes avec le vice-pr\u00e9sident charg\u00e9 des Enseignements et de la coop\u00e9ration internationale de TUD, Pr G. Krauth\u00e4user, le chef de projet, Pr Hartmann, et d\u2019autres responsables.<br \/>\nAu programme des \u00e9changes figuraient :<br \/>\n<img loading=\"lazy\" decoding=\"async\" class=\"puce\" src=\"http:\/\/lefaso.net\/local\/cache-vignettes\/L8xH11\/puce-32883.gif\" alt=\"-\" width=\"8\" height=\"11\" \/>\u00a0les curricula du programme master MTFP ;<br \/>\n<img loading=\"lazy\" decoding=\"async\" class=\"puce\" src=\"http:\/\/lefaso.net\/local\/cache-vignettes\/L8xH11\/puce-32883.gif\" alt=\"-\" width=\"8\" height=\"11\" \/>\u00a0la pr\u00e9paration de l\u2019ouverture du programme master MTFP envisag\u00e9 \u00e0 l\u2019UNZ ;<br \/>\n<img loading=\"lazy\" decoding=\"async\" class=\"puce\" src=\"http:\/\/lefaso.net\/local\/cache-vignettes\/L8xH11\/puce-32883.gif\" alt=\"-\" width=\"8\" height=\"11\" \/>\u00a0l\u2019organisation de la 6e \u00e9dition des Journ\u00e9es d\u2019\u00e9changes sur l\u2019\u00e9ducation, la formation, l\u2019orientation\/insertion scolaire et professionnelle (JEFOSP) et la p\u00e9rennisation de son organisation tournante dans diff\u00e9rentes r\u00e9gions du Burkina en coop\u00e9ration avec les minist\u00e8res concern\u00e9s ;<br \/>\n<img loading=\"lazy\" decoding=\"async\" class=\"puce\" src=\"http:\/\/lefaso.net\/local\/cache-vignettes\/L8xH11\/puce-32883.gif\" alt=\"-\" width=\"8\" height=\"11\" \/>\u00a0la pr\u00e9paration d\u2019autres projets de formation initiale et continue dans le domaine technique et professionnel, \u00e9conomique, social, familial et civique pour le premier cycle de l\u2019enseignement g\u00e9n\u00e9ral et technique.<br \/>\n<span class=\"spip_document_75219 spip_documents spip_documents_left\"><br \/>\n<img loading=\"lazy\" decoding=\"async\" class=\"alignleft\" src=\"http:\/\/lefaso.net\/local\/cache-vignettes\/L497xH332\/b-182-06fa5.jpg\" alt=\"\" width=\"497\" height=\"332\" \/><\/span>Pour les UE de p\u00e9dagogie\/didactique, les \u00e9changes ont \u00e9t\u00e9 assez nourris et la n\u00e9cessit\u00e9 de trouver des contenus adapt\u00e9s a \u00e9t\u00e9 soulign\u00e9e afin de ne pas reprendre les m\u00eames contenus comme cela se passe actuellement.<br class=\"autobr\" \/>C\u2019est ainsi qu\u2019il a \u00e9t\u00e9 convenu que les masters en cr\u00e9ation devraient permettre aux sortants de poursuivre des \u00e9tudes de th\u00e8se aussi bien dans le domaine p\u00e9dagogique\/didactique que dans le domaine disciplinaire.<br class=\"autobr\" \/>L\u2019ouverture de deux programmes de master en mars 2017 a \u00e9t\u00e9 retenue dans les options suivantes :<br \/>\n<img loading=\"lazy\" decoding=\"async\" class=\"puce\" src=\"http:\/\/lefaso.net\/local\/cache-vignettes\/L8xH11\/puce-32883.gif\" alt=\"-\" width=\"8\" height=\"11\" \/>\u00a0Master en Technique et Formation professionnelles, option G\u00e9nie \u00e9lectrique et \u00e9nerg\u00e9tique ;<br \/>\n<img loading=\"lazy\" decoding=\"async\" class=\"puce\" src=\"http:\/\/lefaso.net\/local\/cache-vignettes\/L8xH11\/puce-32883.gif\" alt=\"-\" width=\"8\" height=\"11\" \/>\u00a0Master en Technique et Formation professionnelles, option Finance comptabilit\u00e9 et contr\u00f4le.<br \/>\nLes enseignements pour les deux masters seront assur\u00e9s par les enseignants des deux universit\u00e9s, l\u2019universit\u00e9 Norbert Zongo et l\u2019universit\u00e9 technique de Dresden dans la mesure de leurs possibilit\u00e9s.<br \/>\nEn rappel, une d\u00e9l\u00e9gation de la Technische Universit\u00e4t Dresden et de l\u2019Europa Universit\u00e4t de Flensburg avaient particip\u00e9 du 18 au 20 juillet 2017, \u00e0 la 5e \u00e9dition des JEFOSP, journ\u00e9es pendant lesquelles le programme de Master en technique et formation professionnelle avait \u00e9t\u00e9 officiellement lanc\u00e9 \u00e0 l\u2019Universit\u00e9 Norbert Zongo de Koudougou (<a class=\"spip_url spip_out auto\" href=\"http:\/\/lefaso.net\/spip.php?article78448\" rel=\"nofollow\">http:\/\/lefaso.net\/spip.php?article78448<\/a>).<br \/>\nCe projet de cr\u00e9ation de ce master est financ\u00e9 par l\u2019office allemand d\u2019\u00e9changes universitaires (DAAD) et les universit\u00e9s partenaires en s\u2019appuyant sur les fonds du minist\u00e8re f\u00e9d\u00e9ral allemand pour la Coop\u00e9ration \u00e9conomique et du d\u00e9veloppement (Bundesministeriums f\u00fcr wirtschaftliche Zusammenarbeit und Entwicklung (BMZ)). Le financement du projet est assur\u00e9 \u00e0 hauteur de 194 238 euros sur quatre ans, soit 127 411 768,55 francs CFA.<br \/>\n<strong>Participation de School of science de TUD \u00e0 la 6e \u00e9dition des JEFOSP en mars 2018 \u00e0 l\u2019Universit\u00e9 de Ouagadougou<br class=\"autobr\" \/><\/strong><br \/>\n<span class=\"spip_document_75221 spip_documents spip_documents_left\"><br \/>\n<img loading=\"lazy\" decoding=\"async\" class=\"alignleft\" src=\"http:\/\/lefaso.net\/local\/cache-vignettes\/L500xH281\/d-90-4737f.jpg\" alt=\"\" width=\"500\" height=\"281\" \/><\/span>Des \u00e9changes pour renforcer la coop\u00e9ration se sont poursuivis \u00e0 travers des rencontres entre la d\u00e9l\u00e9gation de l\u2019Universit\u00e9 Norbert Zongo, madame Richter Barbekoff, conseill\u00e8re des affaires internationales de School of science de TUD, Dr. W.J. E. Sawadogo, responsable de l\u2019Association des Burkinab\u00e8 et amis en Saxe et en Allemagne (ABASA) et Pr B. Bayala de l\u2019universit\u00e9 Ouaga 1 Pr Joseph Ki-Zerbo de Ouagadougou qui participait avec deux doctorants \u00e0 un symposium international de biologie organis\u00e9 par School of science de TUD.<br \/>\nDes propositions ont \u00e9t\u00e9 faites pour promouvoir les \u00e9changes entre les diff\u00e9rentes universit\u00e9s \u00e0 travers leurs \u00e9coles et leurs laboratoires par le d\u00e9veloppement de projets communs et par la participation \u00e0 la prochaine 6e \u00e9dition des JEFOSP pr\u00e9vue du 12 au 23 mars 2018 \u00e0 l\u2019Universit\u00e9 Ouaga 1 Pr Joseph Ki-Zerbo.<br class=\"autobr\" \/>La participation annonc\u00e9e de structures et organisations partenaires allemandes permettrait \u00e0 nos universit\u00e9s, enseignants-chercheurs et chercheurs d\u2019avoir plus d\u2019informations sur les possibilit\u00e9s de financement et de coop\u00e9ration avec l\u2019Allemagne. Ces informations concerneront par exemple les s\u00e9jours de recherches de courte dur\u00e9e dans le cadre du programme Erasmus-Plus qui serait d\u00e8s 2018 ouvert aussi aux pays africains.<br \/>\nUne coop\u00e9ration soutenue et encourag\u00e9e par la repr\u00e9sentation nationale \u00e0 Berlin<br class=\"autobr\" \/>Les premiers jours des travaux \u00e0 TUD a vu la participation du Pr F. Barro repr\u00e9sentant son excellence monsieur Simplice Honor\u00e9 Guibila, ambassadeur du Burkina Faso en Allemagne. Au nom de ce dernier, Pr F. Barro a soulign\u00e9 l\u2019int\u00e9r\u00eat de ce projet qui est d\u2019une tr\u00e8s grande n\u00e9cessit\u00e9 pour le Burkina Faso. Elle a rappel\u00e9 que le pr\u00e9sident du Faso, SEM Roch Marc Christian Kabor\u00e9, lors de son passage \u00e0 Berlin, a insist\u00e9 longuement sur la formation technique et professionnelle comme \u00e9tant une priorit\u00e9 pour notre pays.<br \/>\n<span class=\"spip_document_75220 spip_documents spip_documents_left\"><br \/>\n<img loading=\"lazy\" decoding=\"async\" class=\"alignleft\" src=\"http:\/\/lefaso.net\/local\/cache-vignettes\/L500xH281\/c-142-ef916.jpg\" alt=\"\" width=\"500\" height=\"281\" \/><\/span>Le projet de master qui est aussi le fruit des \u00e9changes qui ont eu lieu dans le cadre des JEFOSP de 2013 vient donc \u00e0 point nomm\u00e9 selon la repr\u00e9sentante de l\u2019ambassadeur du Burkina Faso \u00e0 Berlin.<br class=\"autobr\" \/>Avant de souhaiter un plein succ\u00e8s aux travaux pour un d\u00e9marrage effectif du master, elle s\u2019est r\u00e9jouie de la pr\u00e9paration d\u2019autres projets entre les universit\u00e9s du Burkina, de Dresde et de Flensburg.<br \/>\nElle a adress\u00e9 ensuite au nom de son excellence monsieur l\u2019ambassadeur, les remerciements et les encouragements de la repr\u00e9sentation nationale \u00e0 Berlin \u00e0 toutes les actrices et \u00e0 tous les acteurs de cette coop\u00e9ration interuniversitaire.<br \/>\nUn projet en pr\u00e9paration avec l\u2019Univerit\u00e9 Europ\u00e9enne de Flensburg<br class=\"autobr\" \/>Les enseignants de l\u2019UEF, Pr. B. Peuker et Pr U. Johannsen, ont poursuivi les \u00e9changes engag\u00e9s lors des JEFOSP avec Pr F. Ouattara et sa d\u00e9l\u00e9gation ainsi qu\u2019avec Dr. W.J. E. Sawadogo, enseignant \u00e0 TUD. Il s\u2019est agi de trouver un cadre d\u2019\u00e9changes pour \u00e9largir et approfondir avec les responsables des minist\u00e8res concern\u00e9s (MENA, MESRI, MJFPE), les besoins et les possibilit\u00e9s de coop\u00e9ration pour le d\u00e9veloppement des comp\u00e9tences des \u00e9l\u00e8ves et des professeurs dans les domaines de la technique, de l\u2019\u00e9conomie, de la vie sociale et familiale, des langues et du civisme au niveau de l\u2019enseignement g\u00e9n\u00e9ral et professionnel.<br \/>\nLe partenariat avec l\u2019Universit\u00e9 d\u2019Europe de Flensburg est un partenariat de choix et prometteur, car elle se distingue aussi par sa formation au niveau de l\u2019\u00e9ducation \u00e0 la consommation (\u00e9conomie), la nutrition, la sant\u00e9, l\u2019\u00e9conomie sociale et familiale. Une distinction qui a valu la visite du pr\u00e9sident allemand le 05 octobre dernier \u00e0 cette fili\u00e8re de formation \u00e0 l\u2019Universit\u00e9 de Flensburg (voir les liens :\u00a0<a class=\"spip_url spip_out auto\" href=\"https:\/\/www.uni-flensburg.de\/portal-presse-und-oeffentlichkeit\/hochschulnews\/\" rel=\"nofollow external\">https:\/\/www.uni-flensburg.de\/portal-presse-und-oeffentlichkeit\/hochschulnews\/<\/a>\u00a0hochschulnews\/news\/detail\/News\/auf-einen-kaffee-mit-dem-bundespraesidenten\/) Cette coop\u00e9ration interuniversitaire Sud-Nord pourrait se renforcer avec l\u2019\u00e9largissement r\u00e9cent du programme Erasmus Plus aux pays africains. (Voir les liens :\u00a0<a class=\"spip_url spip_out auto\" href=\"https:\/\/ec.europa.eu\/programmes\/erasmus-plus\/updates\/20172725-erasmus-plus-africa-eu-strategy_de\" rel=\"nofollow external\">https:\/\/ec.europa.eu\/programmes\/erasmus-plus\/updates\/20172725-erasmus-plus-africa-eu-strategy_de<\/a>\u00a0;\u00a0<a class=\"spip_url spip_out auto\" href=\"http:\/\/www.em-a.eu\/en\/about-ema\/regional-chapters\/african-chapter.html\" rel=\"nofollow external\">http:\/\/www.em-a.eu\/en\/about-ema\/regional-chapters\/african-chapter.html<\/a>).<br \/>\nWendkouni Eric Sawadogo ,<br class=\"autobr\" \/>Technische Universit\u00e4t Dresden,<br class=\"autobr\" \/>Association des Burkinab\u00e8 et amis en Saxe et en Allemagne (ABASA e. V))<br \/>\nAbdoul Karim Sekon\u00e9<br class=\"autobr\" \/>Universit\u00e9 Norbert Zongo de Koudougou<\/div>\n<p>Source: LeFaso.net<\/p>\n","protected":false},"excerpt":{"rendered":"<p>Une d\u00e9l\u00e9gation de l\u2019Universit\u00e9 Norbert Zongo et de l\u2019Universit\u00e9 Ouaga 1 Pr Joseph Ki \u2013 Zerbo ont \u00e9chang\u00e9 \u00e0 Dresde avec leurs coll\u00e8gues de la Technische Universit\u00e4t Dresden (TUD) et de l\u2019Europa Universit\u00e4t de Flensburg (EUF) pour renforcer leur coop\u00e9ration \u00e0 travers les JEFOSP et d\u2019autres projets comme l\u2019ouverture de nouveaux programmes de master. Un [&hellip;]<\/p>\n","protected":false},"author":1,"featured_media":301,"comment_status":"closed","ping_status":"open","sticky":false,"template":"","format":"standard","meta":{"footnotes":""},"categories":[10],"tags":[],"class_list":["post-618","post","type-post","status-publish","format-standard","has-post-thumbnail","hentry","category-accueil"],"gutentor_comment":0,"_links":{"self":[{"href":"https:\/\/jefosp.bf\/index.php?rest_route=\/wp\/v2\/posts\/618","targetHints":{"allow":["GET"]}}],"collection":[{"href":"https:\/\/jefosp.bf\/index.php?rest_route=\/wp\/v2\/posts"}],"about":[{"href":"https:\/\/jefosp.bf\/index.php?rest_route=\/wp\/v2\/types\/post"}],"author":[{"embeddable":true,"href":"https:\/\/jefosp.bf\/index.php?rest_route=\/wp\/v2\/users\/1"}],"replies":[{"embeddable":true,"href":"https:\/\/jefosp.bf\/index.php?rest_route=%2Fwp%2Fv2%2Fcomments&post=618"}],"version-history":[{"count":1,"href":"https:\/\/jefosp.bf\/index.php?rest_route=\/wp\/v2\/posts\/618\/revisions"}],"predecessor-version":[{"id":846,"href":"https:\/\/jefosp.bf\/index.php?rest_route=\/wp\/v2\/posts\/618\/revisions\/846"}],"wp:featuredmedia":[{"embeddable":true,"href":"https:\/\/jefosp.bf\/index.php?rest_route=\/wp\/v2\/media\/301"}],"wp:attachment":[{"href":"https:\/\/jefosp.bf\/index.php?rest_route=%2Fwp%2Fv2%2Fmedia&parent=618"}],"wp:term":[{"taxonomy":"category","embeddable":true,"href":"https:\/\/jefosp.bf\/index.php?rest_route=%2Fwp%2Fv2%2Fcategories&post=618"},{"taxonomy":"post_tag","embeddable":true,"href":"https:\/\/jefosp.bf\/index.php?rest_route=%2Fwp%2Fv2%2Ftags&post=618"}],"curies":[{"name":"wp","href":"https:\/\/api.w.org\/{rel}","templated":true}]}}