{"id":619,"date":"2021-05-01T18:38:44","date_gmt":"2021-05-01T18:38:44","guid":{"rendered":"http:\/\/demo.acmethemes.com\/event-star\/?p=141"},"modified":"2021-05-05T15:04:21","modified_gmt":"2021-05-05T15:04:21","slug":"party-dance-2","status":"publish","type":"post","link":"https:\/\/jefosp.bf\/?p=619","title":{"rendered":"Coop\u00e9ration Universit\u00e9 de TU Dresden avec les pays francophones"},"content":{"rendered":"<p style=\"text-align: justify;\">Sur invitation de l\u2019Universit\u00e9 Technique de Dresde (TU Dresde), Son Excellence l\u2019Ambassadeur du Burkina Faso en Allemagne, Monsieur Guibila a proc\u00e9d\u00e9 le 16 mai 2019, au titre de la francophonie, \u00e0 l\u2019ouverture du centre France | Francophonie \u00e0 TU Dresden en pr\u00e9sence de son homologue de France, de Qu\u00e9bec, des autorit\u00e9s allemandes et un public int\u00e9ress\u00e9.<\/p>\n<p style=\"text-align: justify;\">La cr\u00e9ation du Centre France | Francophonie (CFF) selon sa directrice Professeure Madame R. B\u00f6hm, professeure de litt\u00e9rature et culture fran\u00e7aises vise le renforcement de la coop\u00e9ration entre les acteurs de TU Dresde et les partenaires des pays francophones dans le domaine culturel et scientifique.<br class=\"autobr\" \/>Le centre travaillera \u00e0 mettre en r\u00e9seau les activit\u00e9s existantes et \u00e0 soutenir les nouvelles activit\u00e9s dans les trois domaines centraux que sont la recherche, l\u2019enseignement et la Third Mission.<br class=\"autobr\" \/>Outre la mise en r\u00e9seau interdisciplinaire au niveau national et international, elle compte initier ses propres domaines de recherche \u00e0 long terme et concevoir des formats d\u2019\u00e9v\u00e9nements innovateurs.<\/p>\n<p style=\"text-align: justify;\">Dans son intervention, l\u2019Ambassadeur du Burkina Faso apr\u00e8s avoir donn\u00e9 les objectifs de la francophonie, s\u2019est r\u00e9joui de sa pr\u00e9sence \u00e0 cette c\u00e9r\u00e9monie d\u2019ouverture avec ses coll\u00e8gues de France et de Qu\u00e9bec. Pour le diplomate, ce centre permettra de lever la barri\u00e8re de la langue, de promouvoir la mobilit\u00e9 des \u00e9tudiants et les \u00e9changes interculturels dans la coop\u00e9ration universitaire entre l\u2019Allemagne et les pays francophones.<br class=\"autobr\" \/>Situant l\u2019ouverture du centre dans la politique ext\u00e9rieure actuelle de l\u2019Allemagne, il pr\u00e9cise\u00a0:<br class=\"autobr\" \/>\u00ab\u00a0Le CFF va aussi dans le sens de l\u2019engagement de la Chanceli\u00e8re, Madame Merkel, ainsi qu\u2019elle l\u2019a affirm\u00e9 lors de son dernier s\u00e9jour au Burkina Faso, le 02 mai dernier, de travailler \u00e0 renforcer la coop\u00e9ration universitaire allemande avec l\u2019Afrique de l\u2019Ouest francophone\u00a0\u00bb<\/p>\n<p style=\"text-align: justify;\">\u2022 Projets de coop\u00e9ration de TU Dresde avec des universit\u00e9s au Burkina Faso<\/p>\n<p style=\"text-align: justify;\">Sur un ton plus personnel, l\u2019Ambassadeur du Burkina Faso \u00e0 Berlin a continu\u00e9 en ces termes\u00a0:<br class=\"autobr\" \/>\u00ab\u00a0Je voudrais saisir l\u2019opportunit\u00e9 de ma pr\u00e9sence ici aujourd\u2019hui pour remercier chaleureusement les principaux responsables de TU Dresden, en particulier le professeur Martin Hartmann, pour la qualit\u00e9 remarquable de la coop\u00e9ration entre TU Dresden et l\u2019Universit\u00e9 Norbert Zongo\u00a0\u00bb<\/p>\n<p style=\"text-align: justify;\">En rappel, l\u2019Association des Burkinab\u00e8 et amis en Saxe et en Allemagne (ABASA e. V.) avec le soutien de l\u2019Universit\u00e9 Technique de Dresde a \u00e9tabli depuis des ann\u00e9es des contacts au Burkina Faso avec des structures administratives et \u00e9ducatives (minist\u00e8res (MENA, MJEFP, MESSRS), CIOPB, universit\u00e9s, \u00e9coles professionnelles, Ambassades), associatives (Association d\u2019\u00e9conomie sociale et familiale (ABESF), union des \u00e9tablissements priv\u00e9s la\u00efcs (UNEEPL)) et avec des bonnes volont\u00e9s\u00a0; dans le cadre de plusieurs activit\u00e9s comme celle de l\u2019organisation annuelle des JEFOSP (journ\u00e9es d\u2019\u00e9changes sur la formation, l\u2019orientation\/insertion scolaire et professionnelle) depuis 2013.<\/p>\n<dl class=\"spip_document_93164 spip_documents spip_documents_center\">\n<dt><img loading=\"lazy\" decoding=\"async\" class=\"aligncenter\" src=\"https:\/\/lefaso.net\/IMG\/jpg\/b-290.jpg\" alt=\"\" width=\"612\" height=\"306\" \/><\/dt>\n<dt class=\"spip_doc_titre\"><strong>De droite \u00e0 gauche\u00a0: Vice-pr\u00e9sident Pr H. G. Krauth\u00e4user, Pr M.\u00a0Hartmann, Ambassadeur S. Guibila et Dr. W. E. Sawadogo<\/strong><\/dt>\n<\/dl>\n<p style=\"text-align: justify;\">Avec les repr\u00e9sentants du Minist\u00e8re de l\u2019enseignement sup\u00e9rieur, de la recherche scientifique et de l\u2019innovation (ex MESSR), des partenaires universitaires en particulier de l\u2019Universit\u00e9 Norbert Zongo et des associations impliqu\u00e9s, il avait \u00e9t\u00e9 d\u00e9cid\u00e9 de l\u2019organisation r\u00e9guli\u00e8re et tournante des JEFOSP dans les r\u00e9gions avec des th\u00e9matiques interdisciplinaires touchant l\u2019enseignement et la formation professionnelle dans le pr\u00e9scolaire, secondaire, sup\u00e9rieur et le monde de l\u2019emploi au Burkina Faso.<\/p>\n<p style=\"text-align: justify;\">Depuis fin 2018, l\u2019Universit\u00e9 Norbert Zongo, membre du comit\u00e9 d\u2019organisation des JEFOSP, a d\u00e9sign\u00e9 la Vice-pr\u00e9sidence de l\u2019UNZ charg\u00e9 de la professionnalisation et des relations Universit\u00e9s -entreprises comme structure r\u00e9pondante et organisatrice des JEFOSP.<\/p>\n<p style=\"text-align: justify;\">Une de ces activit\u00e9s en cours est l\u2019ouverture depuis la 2017-2018 dans le cadre d\u2019un projet 2017-2020 d\u2019un programme master en techniques et formation professionnelles (MTFP) \u00e0 l\u2019Ecole Normale Sup\u00e9rieure (ENS) de l\u2019Universit\u00e9 Norbert Zongo (UNZ) o\u00fa \u00e9tudient actuellement 50 \u00e9tudiants et \u00e9tudiantes dans les deux options actuellement offertes\u00a0:<br \/>\n<img loading=\"lazy\" decoding=\"async\" class=\"puce\" src=\"https:\/\/lefaso.net\/squelettes-dist\/puce.gif\" alt=\"-\" width=\"8\" height=\"11\" \/>\u00a0 Option MTFP-G\u00e9nie \u00e9lectrique et \u00e9nerg\u00e9tique (MTFP-GEE) et<br \/>\n<img loading=\"lazy\" decoding=\"async\" class=\"puce\" src=\"https:\/\/lefaso.net\/squelettes-dist\/puce.gif\" alt=\"-\" width=\"8\" height=\"11\" \/>\u00a0 Option MTFP-Finance \u2013Comptabilit\u00e9-Contr\u00f4le (MTFP-FCC).<br class=\"autobr\" \/>L\u2019ouverture des options MTFP- G\u00e9nie m\u00e9canique (Construction M\u00e9tallique, M\u00e9canique Auto, Fabrication M\u00e9canique) et MTFP &#8211; G\u00e9nie Civil (Construction M\u00e9tallique, Menuiserie Bois\/M\u00e9tallique, G\u00e9nie Civil) pour la rentr\u00e9e 2020-2021 est en r\u00e9flexion.<br class=\"autobr\" \/>Ce projet vient combler un manque de formation dans ces fili\u00e8res techniques et professionnelles dans les structures d\u2019enseignement sup\u00e9rieures et vise l\u2019am\u00e9lioration de la qualit\u00e9 de la formation dans l\u2019enseignement technique et la formation professionnelle pour une meilleure ad\u00e9quation formation-emploi.<\/p>\n<p style=\"text-align: justify;\">La formation de l\u2019ENS dans ces domaines \u00e9tait jusqu\u2019\u00e0 pr\u00e9sent possible pour la formation des professeurs des lyc\u00e9es et coll\u00e8ges de l\u2019enseignement technique niveau CAET ou CAPET\u00a0; des dipl\u00f4mes d\u2019Etat, qui ne permettent pas la poursuite de th\u00e8se de doctorat. D\u00e9sormais l\u2019ENS\/UNZ comme structure universitaire pourrait former des sp\u00e9cialistes pour le syst\u00e8me \u00e9ducatif, la formation professionnelle et le march\u00e9 d\u2019emploi et assurer sa propre rel\u00e8ve au niveau de la formation acad\u00e9mique.<br class=\"autobr\" \/>Des projets de recherches et de coop\u00e9ration existent \u00e9galement depuis quelques ann\u00e9es entre la School of Science de TU Dresde avec la UFR \/SVT de l\u2019Universit\u00e9 Pr Joseph Ki Zerbo de Ouagadougou.<\/p>\n<p style=\"text-align: justify;\"><strong>\u2022 Communication inaugurale\u00a0: Les gestes de la Spoliation<\/strong><\/p>\n<p style=\"text-align: justify;\">Un des points saillants de cette c\u00e9r\u00e9monie d\u2019ouverture du CFF fut la communication inaugurale de l\u2019historienne de l\u2019art, Professeure B. Savoy, sur le th\u00e8me \u00ab\u00a0les gestes de la spoliation\u00a0: Les collections africaines dans les mus\u00e9es europ\u00e9ens et leurs cons\u00e9quences\u00a0\u00bb (.<br class=\"autobr\" \/>Experte connue en Allemagne pour avoir conduit l\u2019\u00e9tude sur la spoliation de l\u2019Allemagne par la France dans les ann\u00e9es 1800, elle a produit avec l\u2019Expert S\u00e9n\u00e9galais F. Sarr le rapport<br class=\"autobr\" \/>sur la restitution du patrimoine culturel africain (F. Sarr, B. Savoy, 2018). Dans ce rapport, plus de 1000 objets, qui ont quitt\u00e9 l\u2019actuel Burkina Faso \u00e0 partir de 1884, ont \u00e9t\u00e9 inventori\u00e9s (<a class=\"spip_url spip_out auto\" href=\"http:\/\/restitutionreport2018.com\/\" rel=\"nofollow external\">http:\/\/restitutionreport2018.com<\/a>).<\/p>\n<p style=\"text-align: justify;\">L\u2019historienne rappelle que d\u00e9j\u00e0, \u00e0 la fin des ann\u00e9es 1970, face \u00e0 l\u2019inflexibilit\u00e9 des anciennes puissances coloniales et sous la pression de ses \u00c9tats membres, l\u2019UNESCO d\u00e9cidait de prendre \u00e0 bras-le-corps la question des restitutions. Amadou-Mahtar M\u2019Bow, alors Directeur G\u00e9n\u00e9ral de l\u2019UNESCO, lan\u00e7ait le 07 juin 1978 un appel \u00ab\u00a0Pour le retour \u00e0 ceux qui l\u2019ont cr\u00e9\u00e9 d\u2019un patrimoine culturel irrempla\u00e7able\u00a0\u00bb.<\/p>\n<p style=\"text-align: justify;\"><strong>\u2022 Int\u00e9r\u00eat et perspectives du Centre France | Francophonie (CFF)<\/strong><\/p>\n<p style=\"text-align: justify;\">Dans les \u00e9changes sur l\u2019int\u00e9r\u00eat et les perspectives du Centre France | Francophonie (CFF), il est ressorti des diff\u00e9rentes interventions que des r\u00e9sultats bien positifs ont \u00e9t\u00e9 atteints par le pass\u00e9 par ces centres tant sur le plan de l\u2019enseignement sup\u00e9rieur et de la recherche, de la culture et de l\u2019\u00e9conomie \u00e0 travers par exemple l\u2019\u00e9tablissement de relations d\u2019affaires, des projets de recherche, de formation ou la cr\u00e9ation d\u2019entreprises entre les partenaires.<\/p>\n<p style=\"text-align: justify;\">L\u2019ambassadeur a eu ensuite des \u00e9changes avec les partenaires de TU Dresden et les membres de l\u2019Association des Burkinab\u00e8s et amis en Saxe et en Allemagne (ABASA e. V.) partenaire du CFF et des projets de coop\u00e9ration avec TU Dresden.<\/p>\n<p style=\"text-align: justify;\"><strong>Wendkouni Eric SAWADOGO<\/strong><br class=\"autobr\" \/><strong>TU Dresde\/ (ABASA e.V.)<\/strong><\/p>\n","protected":false},"excerpt":{"rendered":"<p>Sur invitation de l\u2019Universit\u00e9 Technique de Dresde (TU Dresde), Son Excellence l\u2019Ambassadeur du Burkina Faso en Allemagne, Monsieur Guibila a proc\u00e9d\u00e9 le 16 mai 2019, au titre de la francophonie, \u00e0 l\u2019ouverture du centre France | Francophonie \u00e0 TU Dresden en pr\u00e9sence de son homologue de France, de Qu\u00e9bec, des autorit\u00e9s allemandes et un public [&hellip;]<\/p>\n","protected":false},"author":1,"featured_media":304,"comment_status":"closed","ping_status":"open","sticky":false,"template":"","format":"standard","meta":{"footnotes":""},"categories":[9,3],"tags":[],"class_list":["post-619","post","type-post","status-publish","format-standard","has-post-thumbnail","hentry","category-actu","category-event"],"gutentor_comment":0,"_links":{"self":[{"href":"https:\/\/jefosp.bf\/index.php?rest_route=\/wp\/v2\/posts\/619","targetHints":{"allow":["GET"]}}],"collection":[{"href":"https:\/\/jefosp.bf\/index.php?rest_route=\/wp\/v2\/posts"}],"about":[{"href":"https:\/\/jefosp.bf\/index.php?rest_route=\/wp\/v2\/types\/post"}],"author":[{"embeddable":true,"href":"https:\/\/jefosp.bf\/index.php?rest_route=\/wp\/v2\/users\/1"}],"replies":[{"embeddable":true,"href":"https:\/\/jefosp.bf\/index.php?rest_route=%2Fwp%2Fv2%2Fcomments&post=619"}],"version-history":[{"count":1,"href":"https:\/\/jefosp.bf\/index.php?rest_route=\/wp\/v2\/posts\/619\/revisions"}],"predecessor-version":[{"id":845,"href":"https:\/\/jefosp.bf\/index.php?rest_route=\/wp\/v2\/posts\/619\/revisions\/845"}],"wp:featuredmedia":[{"embeddable":true,"href":"https:\/\/jefosp.bf\/index.php?rest_route=\/wp\/v2\/media\/304"}],"wp:attachment":[{"href":"https:\/\/jefosp.bf\/index.php?rest_route=%2Fwp%2Fv2%2Fmedia&parent=619"}],"wp:term":[{"taxonomy":"category","embeddable":true,"href":"https:\/\/jefosp.bf\/index.php?rest_route=%2Fwp%2Fv2%2Fcategories&post=619"},{"taxonomy":"post_tag","embeddable":true,"href":"https:\/\/jefosp.bf\/index.php?rest_route=%2Fwp%2Fv2%2Ftags&post=619"}],"curies":[{"name":"wp","href":"https:\/\/api.w.org\/{rel}","templated":true}]}}