{"id":902,"date":"2023-04-03T17:00:25","date_gmt":"2023-04-03T17:00:25","guid":{"rendered":"https:\/\/jefosp.bf\/?p=902"},"modified":"2023-04-03T17:12:25","modified_gmt":"2023-04-03T17:12:25","slug":"1ere-session-ordinaire-du-casem-2023-du-mesri-la-situation-des-etudiants-deplaces-internes-edi-au-centre-des-reflexions","status":"publish","type":"post","link":"https:\/\/jefosp.bf\/?p=902","title":{"rendered":"1ere Session ordinaire du CASEM  2023 du MESRI ,la situation des \u00e9tudiants d\u00e9plac\u00e9s internes (EDI) au centre des r\u00e9flexions."},"content":{"rendered":"<div dir=\"auto\" style=\"font-family: 'Segoe UI Historic', 'Segoe UI', Helvetica, Arial, sans-serif; color: #050505; font-size: 15px; white-space: pre-wrap; background-color: #ffffff; text-align: justify;\">Le Minist\u00e8re de l\u2019Enseignement sup\u00e9rieur, de la Recherche et de l\u2019Innovation (MESRI) a tenu ce jeudi 30 mars 2023 sa premi\u00e8re session ordinaire de l\u2019ann\u00e9e 2023 du Conseil d\u2019Administration du Secteur Minist\u00e9riel (CASEM). Plac\u00e9e sous la pr\u00e9sidence du Pr Adjima THIOMBIANO, Ministre de l\u2019Enseignement sup\u00e9rieur, de la Recherche et de l\u2019Innovation, cette session a connu la participation des premiers responsables du minist\u00e8re, des pr\u00e9sidents d\u2019universit\u00e9s et centres universitaires du Burkina, des responsables du monde de la recherche, du repr\u00e9sentant des Partenaires Techniques et Financiers, ainsi que les partenaires sociaux.<\/div>\n<div dir=\"auto\"><\/div>\n<div dir=\"auto\" style=\"font-family: 'Segoe UI Historic', 'Segoe UI', Helvetica, Arial, sans-serif; color: #050505; font-size: 15px; white-space: pre-wrap; background-color: #ffffff; text-align: justify;\"><img loading=\"lazy\" decoding=\"async\" class=\"size-medium wp-image-907 alignleft\" src=\"https:\/\/jefosp.bf\/wp-content\/uploads\/2023\/04\/MERS-300x200.jpg\" alt=\"\" width=\"300\" height=\"200\" srcset=\"https:\/\/jefosp.bf\/wp-content\/uploads\/2023\/04\/MERS-300x200.jpg 300w, https:\/\/jefosp.bf\/wp-content\/uploads\/2023\/04\/MERS-1024x682.jpg 1024w, https:\/\/jefosp.bf\/wp-content\/uploads\/2023\/04\/MERS-768x512.jpg 768w, https:\/\/jefosp.bf\/wp-content\/uploads\/2023\/04\/MERS-1536x1023.jpg 1536w, https:\/\/jefosp.bf\/wp-content\/uploads\/2023\/04\/MERS.jpg 1600w\" sizes=\"auto, (max-width: 300px) 100vw, 300px\" \/>C\u2019est sous le th\u00e8me : \u00ab <strong>L\u2019enseignement sup\u00e9rieur et la recherche face aux d\u00e9fis humanitaires au Burkina Faso : quelles r\u00e9ponses pour les Etudiant-e-s D\u00e9plac\u00e9-e-s Internes (EDI) ?<\/strong> \u00bb que s\u2019est ouverte cette session<\/div>\n<div dir=\"auto\" style=\"font-family: 'Segoe UI Historic', 'Segoe UI', Helvetica, Arial, sans-serif; color: #050505; font-size: 15px; white-space: pre-wrap; background-color: #ffffff; text-align: justify;\">Dans son discours, le Pr THIOMBIANO a salu\u00e9 la tenue de cette rencontre ainsi que la forte mobilisation des acteurs, preuve de leur engagement pour une concertation soutenue autour des performances, des d\u00e9fis et des priorit\u00e9s du minist\u00e8re.<\/div>\n<div dir=\"auto\" style=\"font-family: 'Segoe UI Historic', 'Segoe UI', Helvetica, Arial, sans-serif; color: #050505; font-size: 15px; white-space: pre-wrap; background-color: #ffffff; text-align: justify;\">Au cours de cette session, les participants ont examin\u00e9 et adopt\u00e9 le rapport d\u2019activit\u00e9s 2022 du minist\u00e8re ; le rapport annuel de performances 2022 de cinq programmes budg\u00e9taires ainsi que le rapport d\u2019\u00e9valuation de la performance 2022 des structures du minist\u00e8re. Tout en se r\u00e9jouissant de la r\u00e9silience des acteurs face aux multiples difficult\u00e9s, le patron de l\u2019enseignement sup\u00e9rieur a aussi salu\u00e9 les partenaires qui accompagnent le minist\u00e8re et contribuent \u00e0 la r\u00e9alisation de meilleures performances.<\/div>\n<div dir=\"auto\"><\/div>\n<div dir=\"auto\" style=\"font-family: 'Segoe UI Historic', 'Segoe UI', Helvetica, Arial, sans-serif; color: #050505; font-size: 15px; white-space: pre-wrap; background-color: #ffffff; text-align: justify;\">Au regard du th\u00e8me de ce pr\u00e9sent CASEM, le Pr Adjima THIOMBIANO a invit\u00e9 les responsables \u00e0 mener une r\u00e9flexion profonde sur les conditions de vie de l\u2019\u00c9tudiant-e D\u00e9plac\u00e9-e Interne afin de proposer des mesures idoines pour une meilleure assistance de cette cible vuln\u00e9rable dans ce contexte marqu\u00e9 par une crise humanitaire. \u00ab Aujourd\u2019hui, plus que jamais, nous devrions leur manifester cette cha\u00eene de solidarit\u00e9 pour leur permettre de vivre dignement \u00bb a-t-il ajout\u00e9.<\/div>\n<div dir=\"auto\" style=\"font-family: 'Segoe UI Historic', 'Segoe UI', Helvetica, Arial, sans-serif; color: #050505; font-size: 15px; white-space: pre-wrap; background-color: #ffffff; text-align: justify;\">Rendez-vous a \u00e9t\u00e9 pris en d\u00e9cembre prochain pour la tenue de la deuxi\u00e8me session du CASEM 2023 du MESRI \u00e0 l\u2019universit\u00e9 de Ouahigouya. DCRP\/MESRI<\/div>\n","protected":false},"excerpt":{"rendered":"<p>Le Minist\u00e8re de l\u2019Enseignement sup\u00e9rieur, de la Recherche et de l\u2019Innovation (MESRI) a tenu ce jeudi 30 mars 2023 sa premi\u00e8re session ordinaire de l\u2019ann\u00e9e 2023 du Conseil d\u2019Administration du Secteur Minist\u00e9riel (CASEM). Plac\u00e9e sous la pr\u00e9sidence du Pr Adjima THIOMBIANO, Ministre de l\u2019Enseignement sup\u00e9rieur, de la Recherche et de l\u2019Innovation, cette session a connu [&hellip;]<\/p>\n","protected":false},"author":1,"featured_media":904,"comment_status":"open","ping_status":"open","sticky":false,"template":"","format":"standard","meta":{"footnotes":""},"categories":[9],"tags":[],"class_list":["post-902","post","type-post","status-publish","format-standard","has-post-thumbnail","hentry","category-actu"],"gutentor_comment":9,"_links":{"self":[{"href":"https:\/\/jefosp.bf\/index.php?rest_route=\/wp\/v2\/posts\/902","targetHints":{"allow":["GET"]}}],"collection":[{"href":"https:\/\/jefosp.bf\/index.php?rest_route=\/wp\/v2\/posts"}],"about":[{"href":"https:\/\/jefosp.bf\/index.php?rest_route=\/wp\/v2\/types\/post"}],"author":[{"embeddable":true,"href":"https:\/\/jefosp.bf\/index.php?rest_route=\/wp\/v2\/users\/1"}],"replies":[{"embeddable":true,"href":"https:\/\/jefosp.bf\/index.php?rest_route=%2Fwp%2Fv2%2Fcomments&post=902"}],"version-history":[{"count":4,"href":"https:\/\/jefosp.bf\/index.php?rest_route=\/wp\/v2\/posts\/902\/revisions"}],"predecessor-version":[{"id":908,"href":"https:\/\/jefosp.bf\/index.php?rest_route=\/wp\/v2\/posts\/902\/revisions\/908"}],"wp:featuredmedia":[{"embeddable":true,"href":"https:\/\/jefosp.bf\/index.php?rest_route=\/wp\/v2\/media\/904"}],"wp:attachment":[{"href":"https:\/\/jefosp.bf\/index.php?rest_route=%2Fwp%2Fv2%2Fmedia&parent=902"}],"wp:term":[{"taxonomy":"category","embeddable":true,"href":"https:\/\/jefosp.bf\/index.php?rest_route=%2Fwp%2Fv2%2Fcategories&post=902"},{"taxonomy":"post_tag","embeddable":true,"href":"https:\/\/jefosp.bf\/index.php?rest_route=%2Fwp%2Fv2%2Ftags&post=902"}],"curies":[{"name":"wp","href":"https:\/\/api.w.org\/{rel}","templated":true}]}}