{"id":927,"date":"2024-06-12T11:45:50","date_gmt":"2024-06-12T11:45:50","guid":{"rendered":"https:\/\/jefosp.bf\/?p=927"},"modified":"2024-06-12T11:46:58","modified_gmt":"2024-06-12T11:46:58","slug":"%f0%9d%97%a4%f0%9d%98%82%f0%9d%97%ae%f0%9d%97%b9%f0%9d%97%b6%f0%9d%98%81%f0%9d%97%b2-%f0%9d%97%b1%f0%9d%97%b2-%f0%9d%97%b9%f0%9d%97%b2%f0%9d%97%b1%f0%9d%98%82%f0%9d%97%b0","status":"publish","type":"post","link":"https:\/\/jefosp.bf\/?p=927","title":{"rendered":"\ud835\udde4\ud835\ude02\ud835\uddee\ud835\uddf9\ud835\uddf6\ud835\ude01\ud835\uddf2\u0301 \ud835\uddf1\ud835\uddf2 \ud835\uddf9\u2019\ud835\uddf2\u0301\ud835\uddf1\ud835\ude02\ud835\uddf0\ud835\uddee\ud835\ude01\ud835\uddf6\ud835\uddfc\ud835\uddfb : \ud835\ude02\ud835\uddfb \ud835\uddfa\ud835\uddee\ud835\uddfb\ud835\ude02\ud835\uddf2\ud835\uddf9 \ud835\ude00\ud835\ude02\ud835\uddff \ud835\uddf9&rsquo;\ud835\uddee\ud835\uddfd\ud835\uddfd\ud835\uddff\ud835\uddfc\ud835\uddf0\ud835\uddf5\ud835\uddf2 \u2039\u2039\ud835\uddd8\ud835\udde4\ud835\uddd4\ud835\uddfa\ud835\uddd8 \u00bb, \ud835\uddef\ud835\uddf6\ud835\uddf2\ud835\uddfb\ud835\ude01\ud835\uddfc\u0302\ud835\ude01 \ud835\uddf1\ud835\uddf6\ud835\ude00\ud835\uddfd\ud835\uddfc\ud835\uddfb\ud835\uddf6\ud835\uddef\ud835\uddf9\ud835\uddf2."},"content":{"rendered":"<div class=\"x11i5rnm xat24cr x1mh8g0r x1vvkbs xtlvy1s x126k92a\">\n<div dir=\"auto\" style=\"text-align: justify;\">Pour adapter l&rsquo;offre \u00e9ducative pr\u00e9scolaire aux exigences actuelles, caract\u00e9ris\u00e9es par de multiples crises , la Direction G\u00e9n\u00e9rale de l&rsquo;Acc\u00e8s \u00e0 L&rsquo; \u00c9ducation Formelle, multiplie les alternatives. Un manuel \u00e9labor\u00e9 \u00e0 cet, est en cours de finalisation en vue<\/div>\n<\/div>\n<div class=\"x11i5rnm xat24cr x1mh8g0r x1vvkbs xtlvy1s x126k92a\" style=\"text-align: justify;\">\n<div dir=\"auto\">Con\u00e7u pour prot\u00e9ger et sensibiliser les enfants contre les fl\u00e9aux, ce guide comporte des modules alternatifs et innovants dont la pr\u00e9vention des risques li\u00e9s \u00e0 l&rsquo;exploitation mini\u00e8re et autres m\u00e9taux, la gestion du stress, la coh\u00e9sion sociale, la sant\u00e9 scolaire, la discipline positive, etc.<\/div>\n<div dir=\"auto\"><\/div>\n<\/div>\n<div class=\"x11i5rnm xat24cr x1mh8g0r x1vvkbs xtlvy1s x126k92a\" style=\"text-align: justify;\">\n<div dir=\"auto\"><img loading=\"lazy\" decoding=\"async\" class=\" wp-image-929 alignleft\" src=\"https:\/\/jefosp.bf\/wp-content\/uploads\/2024\/06\/imdg-300x169.jpg\" alt=\"\" width=\"392\" height=\"221\" srcset=\"https:\/\/jefosp.bf\/wp-content\/uploads\/2024\/06\/imdg-300x169.jpg 300w, https:\/\/jefosp.bf\/wp-content\/uploads\/2024\/06\/imdg-1024x576.jpg 1024w, https:\/\/jefosp.bf\/wp-content\/uploads\/2024\/06\/imdg-768x432.jpg 768w, https:\/\/jefosp.bf\/wp-content\/uploads\/2024\/06\/imdg.jpg 1280w\" sizes=\"auto, (max-width: 392px) 100vw, 392px\" \/>Bas\u00e9e sur l&rsquo;approche Ecole de Qualit\u00e9 Amie des enfants ( EQAmE), son exploitation fera l\u2019objet de renforcement des capacit\u00e9s des enseignants apr\u00e8s des sessions du genre tenues en 2017.<\/div>\n<div dir=\"auto\"><\/div>\n<\/div>\n<div class=\"x11i5rnm xat24cr x1mh8g0r x1vvkbs xtlvy1s x126k92a\" style=\"text-align: justify;\">\n<div dir=\"auto\">Monsieur \u00c9tienne GNOUMOU Directeur de L&rsquo; \u00c9ducation Pr\u00e9scolaire ( DEPres), a salu\u00e9 le constant engagement de l&rsquo;UNICEF \u00e0 travers son accompagnement technique et financier depuis le d\u00e9but du projet.<\/div>\n<\/div>\n<div class=\"x11i5rnm xat24cr x1mh8g0r x1vvkbs xtlvy1s x126k92a\" style=\"text-align: justify;\">\n<div dir=\"auto\">Il est attendu des acteurs commis \u00e0 cette t\u00e2che de finalisation, un document de qualit\u00e9 qui prend en compte les pr\u00e9occupations actuelles.<\/div>\n<\/div>\n<div class=\"x11i5rnm xat24cr x1mh8g0r x1vvkbs xtlvy1s x126k92a\">\n<div dir=\"auto\" style=\"text-align: justify;\">Source : DCRP\/MENAPLN<\/div>\n<\/div>\n","protected":false},"excerpt":{"rendered":"<p>Pour adapter l&rsquo;offre \u00e9ducative pr\u00e9scolaire aux exigences actuelles, caract\u00e9ris\u00e9es par de multiples crises , la Direction G\u00e9n\u00e9rale de l&rsquo;Acc\u00e8s \u00e0 L&rsquo; \u00c9ducation Formelle, multiplie les alternatives. Un manuel \u00e9labor\u00e9 \u00e0 cet, est en cours de finalisation en vue Con\u00e7u pour prot\u00e9ger et sensibiliser les enfants contre les fl\u00e9aux, ce guide comporte des modules alternatifs et [&hellip;]<\/p>\n","protected":false},"author":1,"featured_media":928,"comment_status":"open","ping_status":"open","sticky":false,"template":"","format":"standard","meta":{"footnotes":""},"categories":[9],"tags":[],"class_list":["post-927","post","type-post","status-publish","format-standard","has-post-thumbnail","hentry","category-actu"],"gutentor_comment":8,"_links":{"self":[{"href":"https:\/\/jefosp.bf\/index.php?rest_route=\/wp\/v2\/posts\/927","targetHints":{"allow":["GET"]}}],"collection":[{"href":"https:\/\/jefosp.bf\/index.php?rest_route=\/wp\/v2\/posts"}],"about":[{"href":"https:\/\/jefosp.bf\/index.php?rest_route=\/wp\/v2\/types\/post"}],"author":[{"embeddable":true,"href":"https:\/\/jefosp.bf\/index.php?rest_route=\/wp\/v2\/users\/1"}],"replies":[{"embeddable":true,"href":"https:\/\/jefosp.bf\/index.php?rest_route=%2Fwp%2Fv2%2Fcomments&post=927"}],"version-history":[{"count":1,"href":"https:\/\/jefosp.bf\/index.php?rest_route=\/wp\/v2\/posts\/927\/revisions"}],"predecessor-version":[{"id":930,"href":"https:\/\/jefosp.bf\/index.php?rest_route=\/wp\/v2\/posts\/927\/revisions\/930"}],"wp:featuredmedia":[{"embeddable":true,"href":"https:\/\/jefosp.bf\/index.php?rest_route=\/wp\/v2\/media\/928"}],"wp:attachment":[{"href":"https:\/\/jefosp.bf\/index.php?rest_route=%2Fwp%2Fv2%2Fmedia&parent=927"}],"wp:term":[{"taxonomy":"category","embeddable":true,"href":"https:\/\/jefosp.bf\/index.php?rest_route=%2Fwp%2Fv2%2Fcategories&post=927"},{"taxonomy":"post_tag","embeddable":true,"href":"https:\/\/jefosp.bf\/index.php?rest_route=%2Fwp%2Fv2%2Ftags&post=927"}],"curies":[{"name":"wp","href":"https:\/\/api.w.org\/{rel}","templated":true}]}}